{"id":2613,"date":"2022-08-31T10:18:35","date_gmt":"2022-08-31T08:18:35","guid":{"rendered":"http:\/\/ale-rugby.fr\/?p=2613"},"modified":"2022-09-23T09:31:39","modified_gmt":"2022-09-23T07:31:39","slug":"calendrier-seniors-2022-2023","status":"publish","type":"post","link":"https:\/\/ale-rugby.fr\/?p=2613","title":{"rendered":"Calendrier S\u00e9niors 2022-2023"},"content":{"rendered":"<div id=\"dslc-theme-content\"><div id=\"dslc-theme-content-inner\"><h2>C&rsquo;est la reprise !<\/h2>\n<p>Pour cela nous vous pr\u00e9sentons le calendrier de l&rsquo;effectif S\u00e9niors pour la saison 2022-2023.<\/p>\n<p>Les Bleu et Blanc \u00e9volueront en Poule 2 de R\u00e9gionale 2, poule qui regroupe cette ann\u00e9e les \u00e9quipes du Nord Is\u00e8re.<\/p>\n<p>Le premier match de la saison aura lieu le dimanche 18 septembre 2022 \u00e0 l&rsquo;AS Succieu Terres Froides mais nous vous attendons nombreux le dimanche 2 octobre 2022 pour le premier match \u00e0 domicile face \u00e0 Pont de Ch\u00e9ruy !\u00a0\ud83d\udd35\u26aa<\/p>\n<p><img loading=\"lazy\" decoding=\"async\" class=\"alignnone size-medium wp-image-2614\" src=\"http:\/\/ale-rugby.fr\/wp-content\/uploads\/2022\/08\/Post-Calendrier-ALE-22-23-300x300.png\" alt=\"\" width=\"300\" height=\"300\" srcset=\"https:\/\/ale-rugby.fr\/wp-content\/uploads\/2022\/08\/Post-Calendrier-ALE-22-23-300x300.png 300w, https:\/\/ale-rugby.fr\/wp-content\/uploads\/2022\/08\/Post-Calendrier-ALE-22-23-150x150.png 150w, https:\/\/ale-rugby.fr\/wp-content\/uploads\/2022\/08\/Post-Calendrier-ALE-22-23-768x768.png 768w, https:\/\/ale-rugby.fr\/wp-content\/uploads\/2022\/08\/Post-Calendrier-ALE-22-23-1024x1024.png 1024w, https:\/\/ale-rugby.fr\/wp-content\/uploads\/2022\/08\/Post-Calendrier-ALE-22-23.png 1080w\" sizes=\"(max-width: 300px) 100vw, 300px\" \/><\/p>\n<p>Pour plus d&rsquo;informations retrouvez-nous \u00e9galement sur le Facebook et l&rsquo;Instagram du Club.<\/p>\n<\/div><\/div>","protected":false},"excerpt":{"rendered":"<p>C&rsquo;est la reprise ! Pour cela nous vous pr\u00e9sentons le calendrier de l&rsquo;effectif S\u00e9niors pour la saison 2022-2023. Les Bleu [&hellip;]<\/p>\n","protected":false},"author":1,"featured_media":2635,"comment_status":"closed","ping_status":"open","sticky":true,"template":"","format":"standard","meta":{"sfsi_plus_gutenberg_text_before_share":"","sfsi_plus_gutenberg_show_text_before_share":"","sfsi_plus_gutenberg_icon_type":"","sfsi_plus_gutenberg_icon_alignemt":"","sfsi_plus_gutenburg_max_per_row":"","_exactmetrics_skip_tracking":false,"_exactmetrics_sitenote_active":false,"_exactmetrics_sitenote_note":"","_exactmetrics_sitenote_category":0,"site-sidebar-layout":"default","site-content-layout":"","ast-site-content-layout":"","site-content-style":"default","site-sidebar-style":"default","ast-global-header-display":"","ast-banner-title-visibility":"","ast-main-header-display":"","ast-hfb-above-header-display":"","ast-hfb-below-header-display":"","ast-hfb-mobile-header-display":"","site-post-title":"","ast-breadcrumbs-content":"","ast-featured-img":"","footer-sml-layout":"","theme-transparent-header-meta":"","adv-header-id-meta":"","stick-header-meta":"","header-above-stick-meta":"","header-main-stick-meta":"","header-below-stick-meta":"","astra-migrate-meta-layouts":"default","ast-page-background-enabled":"default","ast-page-background-meta":{"desktop":{"background-color":"var(--ast-global-color-4)","background-image":"","background-repeat":"repeat","background-position":"center center","background-size":"auto","background-attachment":"scroll","background-type":"","background-media":"","overlay-type":"","overlay-color":"","overlay-opacity":"","overlay-gradient":""},"tablet":{"background-color":"","background-image":"","background-repeat":"repeat","background-position":"center center","background-size":"auto","background-attachment":"scroll","background-type":"","background-media":"","overlay-type":"","overlay-color":"","overlay-opacity":"","overlay-gradient":""},"mobile":{"background-color":"","background-image":"","background-repeat":"repeat","background-position":"center center","background-size":"auto","background-attachment":"scroll","background-type":"","background-media":"","overlay-type":"","overlay-color":"","overlay-opacity":"","overlay-gradient":""}},"ast-content-background-meta":{"desktop":{"background-color":"var(--ast-global-color-5)","background-image":"","background-repeat":"repeat","background-position":"center center","background-size":"auto","background-attachment":"scroll","background-type":"","background-media":"","overlay-type":"","overlay-color":"","overlay-opacity":"","overlay-gradient":""},"tablet":{"background-color":"var(--ast-global-color-5)","background-image":"","background-repeat":"repeat","background-position":"center center","background-size":"auto","background-attachment":"scroll","background-type":"","background-media":"","overlay-type":"","overlay-color":"","overlay-opacity":"","overlay-gradient":""},"mobile":{"background-color":"var(--ast-global-color-5)","background-image":"","background-repeat":"repeat","background-position":"center center","background-size":"auto","background-attachment":"scroll","background-type":"","background-media":"","overlay-type":"","overlay-color":"","overlay-opacity":"","overlay-gradient":""}},"footnotes":""},"categories":[22,23],"tags":[],"jetpack_featured_media_url":"https:\/\/ale-rugby.fr\/wp-content\/uploads\/2022\/08\/Post-Calendrier-ALE-22-23-1.png","_links":{"self":[{"href":"https:\/\/ale-rugby.fr\/index.php?rest_route=\/wp\/v2\/posts\/2613"}],"collection":[{"href":"https:\/\/ale-rugby.fr\/index.php?rest_route=\/wp\/v2\/posts"}],"about":[{"href":"https:\/\/ale-rugby.fr\/index.php?rest_route=\/wp\/v2\/types\/post"}],"author":[{"embeddable":true,"href":"https:\/\/ale-rugby.fr\/index.php?rest_route=\/wp\/v2\/users\/1"}],"replies":[{"embeddable":true,"href":"https:\/\/ale-rugby.fr\/index.php?rest_route=%2Fwp%2Fv2%2Fcomments&post=2613"}],"version-history":[{"count":1,"href":"https:\/\/ale-rugby.fr\/index.php?rest_route=\/wp\/v2\/posts\/2613\/revisions"}],"predecessor-version":[{"id":2615,"href":"https:\/\/ale-rugby.fr\/index.php?rest_route=\/wp\/v2\/posts\/2613\/revisions\/2615"}],"wp:featuredmedia":[{"embeddable":true,"href":"https:\/\/ale-rugby.fr\/index.php?rest_route=\/wp\/v2\/media\/2635"}],"wp:attachment":[{"href":"https:\/\/ale-rugby.fr\/index.php?rest_route=%2Fwp%2Fv2%2Fmedia&parent=2613"}],"wp:term":[{"taxonomy":"category","embeddable":true,"href":"https:\/\/ale-rugby.fr\/index.php?rest_route=%2Fwp%2Fv2%2Fcategories&post=2613"},{"taxonomy":"post_tag","embeddable":true,"href":"https:\/\/ale-rugby.fr\/index.php?rest_route=%2Fwp%2Fv2%2Ftags&post=2613"}],"curies":[{"name":"wp","href":"https:\/\/api.w.org\/{rel}","templated":true}]}}