{"id":1871,"date":"2019-01-22T13:14:04","date_gmt":"2019-01-22T12:14:04","guid":{"rendered":"http:\/\/ale-rugby.fr\/?p=1871"},"modified":"2019-01-25T09:21:47","modified_gmt":"2019-01-25T08:21:47","slug":"__trashed","status":"publish","type":"post","link":"http:\/\/ale-rugby.fr\/?p=1871","title":{"rendered":"S3-S4 : Actualit\u00e9s sportives"},"content":{"rendered":"<div id=\"dslc-theme-content\"><div id=\"dslc-theme-content-inner\"><p>Retrouvez l&rsquo;ensemble des l&rsquo;actualit\u00e9s des entrainements, tournois et match du week end pass\u00e9 et \u00e0 venir.<\/p>\n<p><strong>Week end pass\u00e9 du 19 et 20\/01:<\/strong><br \/>\n<strong>&#8211; U6 :<\/strong> Entra\u00eenement le matin au gymnase Joliot Curie<br \/>\n<strong>&#8211; U8 \u00e0 U12 :<\/strong> Entrainement \u00e0 la Commanderie<br \/>\n<strong>&#8211; U14 :<\/strong> Triangulaire contre St Jean en Royans (d\u00e9faite 28-14) et La Voulte\/Privas (victoire 14-7)<br \/>\n<strong>&#8211; U16<\/strong> : D\u00e9placement \u00e0 Pont de Claix. Forfait d\u00e9clar\u00e9.<br \/>\n<strong>&#8211; U19 :<\/strong> Victoire \u00e0 Vizille contre les 2V 18-5<br \/>\n<strong>&#8211; S\u00e9niors :<\/strong> D\u00e9placement \u00e0 Meythet. D\u00e9faite 43-27<\/p>\n<p>Vid\u00e9o de la victoire de nos juniors :<\/p>\n<div style=\"width: 400px;\" class=\"wp-video\"><!--[if lt IE 9]><script>document.createElement('video');<\/script><![endif]-->\n<video class=\"wp-video-shortcode\" id=\"video-1871-1\" width=\"400\" height=\"224\" preload=\"metadata\" controls=\"controls\"><source type=\"video\/mp4\" src=\"http:\/\/ale-rugby.fr\/wp-content\/uploads\/2019\/01\/50947887_244835659760727_4629989631444647936_n.mp4?_=1\" \/><a href=\"http:\/\/ale-rugby.fr\/wp-content\/uploads\/2019\/01\/50947887_244835659760727_4629989631444647936_n.mp4\">http:\/\/ale-rugby.fr\/wp-content\/uploads\/2019\/01\/50947887_244835659760727_4629989631444647936_n.mp4<\/a><\/video><\/div>\n<p>&nbsp;<\/p>\n<p><strong>Week end \u00e0 venir du 26 et 27 janvier:<br \/>\n&#8211; U6 : <\/strong>entrainement au gymnase<br \/>\n<strong>&#8211; U8 &#8211; U19<\/strong> : au repos, arr\u00eat\u00e9 municipal publi\u00e9 sur la non pratique du terrain ce we<br \/>\n<strong>&#8211; U16-U19 :<\/strong> repas de d\u00e9but d&rsquo;ann\u00e9e samedi soir<\/p>\n<p>&nbsp;<\/p>\n<p><strong>&#8211; S\u00e9niors :<\/strong> Repos.<\/p>\n<\/div><\/div>","protected":false},"excerpt":{"rendered":"<p>Retrouvez l&rsquo;ensemble des l&rsquo;actualit\u00e9s des entrainements, tournois et match du week end pass\u00e9 et \u00e0 venir. Week end pass\u00e9 du [&hellip;]<\/p>\n","protected":false},"author":1,"featured_media":1876,"comment_status":"closed","ping_status":"open","sticky":false,"template":"","format":"standard","meta":{"sfsi_plus_gutenberg_text_before_share":"","sfsi_plus_gutenberg_show_text_before_share":"","sfsi_plus_gutenberg_icon_type":"","sfsi_plus_gutenberg_icon_alignemt":"","sfsi_plus_gutenburg_max_per_row":"","_exactmetrics_skip_tracking":false,"_exactmetrics_sitenote_active":false,"_exactmetrics_sitenote_note":"","_exactmetrics_sitenote_category":0,"site-sidebar-layout":"default","site-content-layout":"","ast-site-content-layout":"","site-content-style":"default","site-sidebar-style":"default","ast-global-header-display":"","ast-banner-title-visibility":"","ast-main-header-display":"","ast-hfb-above-header-display":"","ast-hfb-below-header-display":"","ast-hfb-mobile-header-display":"","site-post-title":"","ast-breadcrumbs-content":"","ast-featured-img":"","footer-sml-layout":"","theme-transparent-header-meta":"","adv-header-id-meta":"","stick-header-meta":"","header-above-stick-meta":"","header-main-stick-meta":"","header-below-stick-meta":"","astra-migrate-meta-layouts":"default","ast-page-background-enabled":"default","ast-page-background-meta":{"desktop":{"background-color":"var(--ast-global-color-4)","background-image":"","background-repeat":"repeat","background-position":"center center","background-size":"auto","background-attachment":"scroll","background-type":"","background-media":"","overlay-type":"","overlay-color":"","overlay-opacity":"","overlay-gradient":""},"tablet":{"background-color":"","background-image":"","background-repeat":"repeat","background-position":"center center","background-size":"auto","background-attachment":"scroll","background-type":"","background-media":"","overlay-type":"","overlay-color":"","overlay-opacity":"","overlay-gradient":""},"mobile":{"background-color":"","background-image":"","background-repeat":"repeat","background-position":"center center","background-size":"auto","background-attachment":"scroll","background-type":"","background-media":"","overlay-type":"","overlay-color":"","overlay-opacity":"","overlay-gradient":""}},"ast-content-background-meta":{"desktop":{"background-color":"var(--ast-global-color-5)","background-image":"","background-repeat":"repeat","background-position":"center center","background-size":"auto","background-attachment":"scroll","background-type":"","background-media":"","overlay-type":"","overlay-color":"","overlay-opacity":"","overlay-gradient":""},"tablet":{"background-color":"var(--ast-global-color-5)","background-image":"","background-repeat":"repeat","background-position":"center center","background-size":"auto","background-attachment":"scroll","background-type":"","background-media":"","overlay-type":"","overlay-color":"","overlay-opacity":"","overlay-gradient":""},"mobile":{"background-color":"var(--ast-global-color-5)","background-image":"","background-repeat":"repeat","background-position":"center center","background-size":"auto","background-attachment":"scroll","background-type":"","background-media":"","overlay-type":"","overlay-color":"","overlay-opacity":"","overlay-gradient":""}},"footnotes":""},"categories":[24,20],"tags":[],"jetpack_featured_media_url":"http:\/\/ale-rugby.fr\/wp-content\/uploads\/2019\/01\/Copie-de-Publication-Facebook-\u2013-Sans-titre-2.png","_links":{"self":[{"href":"http:\/\/ale-rugby.fr\/index.php?rest_route=\/wp\/v2\/posts\/1871"}],"collection":[{"href":"http:\/\/ale-rugby.fr\/index.php?rest_route=\/wp\/v2\/posts"}],"about":[{"href":"http:\/\/ale-rugby.fr\/index.php?rest_route=\/wp\/v2\/types\/post"}],"author":[{"embeddable":true,"href":"http:\/\/ale-rugby.fr\/index.php?rest_route=\/wp\/v2\/users\/1"}],"replies":[{"embeddable":true,"href":"http:\/\/ale-rugby.fr\/index.php?rest_route=%2Fwp%2Fv2%2Fcomments&post=1871"}],"version-history":[{"count":8,"href":"http:\/\/ale-rugby.fr\/index.php?rest_route=\/wp\/v2\/posts\/1871\/revisions"}],"predecessor-version":[{"id":1882,"href":"http:\/\/ale-rugby.fr\/index.php?rest_route=\/wp\/v2\/posts\/1871\/revisions\/1882"}],"wp:featuredmedia":[{"embeddable":true,"href":"http:\/\/ale-rugby.fr\/index.php?rest_route=\/wp\/v2\/media\/1876"}],"wp:attachment":[{"href":"http:\/\/ale-rugby.fr\/index.php?rest_route=%2Fwp%2Fv2%2Fmedia&parent=1871"}],"wp:term":[{"taxonomy":"category","embeddable":true,"href":"http:\/\/ale-rugby.fr\/index.php?rest_route=%2Fwp%2Fv2%2Fcategories&post=1871"},{"taxonomy":"post_tag","embeddable":true,"href":"http:\/\/ale-rugby.fr\/index.php?rest_route=%2Fwp%2Fv2%2Ftags&post=1871"}],"curies":[{"name":"wp","href":"https:\/\/api.w.org\/{rel}","templated":true}]}}